{"id":1788,"date":"2024-10-04T23:08:52","date_gmt":"2024-10-04T21:08:52","guid":{"rendered":"https:\/\/www.schachklub-wiehre.de\/?p=1788"},"modified":"2024-10-21T17:52:06","modified_gmt":"2024-10-21T15:52:06","slug":"auftakt-der-saison-2024-25","status":"publish","type":"post","link":"https:\/\/www.schachklub-wiehre.de\/en\/auftakt-der-saison-2024-25\/","title":{"rendered":"Auftakt der Saison 2024\/25!"},"content":{"rendered":"<h2 class=\"wp-block-heading\">Neue Herausforderungen<\/h2>\n\n\n\n<div class=\"wp-block-media-text is-stacked-on-mobile\" style=\"grid-template-columns:15% auto\"><figure class=\"wp-block-media-text__media\"><img loading=\"lazy\" decoding=\"async\" width=\"1024\" height=\"1024\" src=\"https:\/\/www.schachklub-wiehre.de\/wp-content\/uploads\/20230726_163605-1024x1024.jpg\" alt=\"\" class=\"wp-image-1791 size-full\" srcset=\"https:\/\/www.schachklub-wiehre.de\/wp-content\/uploads\/20230726_163605-1024x1024.jpg 1024w, https:\/\/www.schachklub-wiehre.de\/wp-content\/uploads\/20230726_163605-300x300.jpg 300w, https:\/\/www.schachklub-wiehre.de\/wp-content\/uploads\/20230726_163605-150x150.jpg 150w, https:\/\/www.schachklub-wiehre.de\/wp-content\/uploads\/20230726_163605-768x768.jpg 768w, https:\/\/www.schachklub-wiehre.de\/wp-content\/uploads\/20230726_163605-1536x1536.jpg 1536w, https:\/\/www.schachklub-wiehre.de\/wp-content\/uploads\/20230726_163605-2048x2048.jpg 2048w, https:\/\/www.schachklub-wiehre.de\/wp-content\/uploads\/20230726_163605-12x12.jpg 12w\" sizes=\"auto, (max-width: 1024px) 100vw, 1024px\" \/><\/figure><div class=\"wp-block-media-text__content\">\n<p>In der Saison 24\/25 befindet sich unser Schachklub in einer neuen Lage: Durch die starke <a href=\"https:\/\/www.schachklub-wiehre.de\/neunter-spieltag-der-saison-23-24\/\">vorangegangene Saison<\/a> von unserem Verein konnte sich unsere zweite Mannschaft in der dritten Staffel der Bereichsliga S\u00fcd halten. Unsere erste und dritte Mannschaft wiederum haben sich einen Aufstieg&nbsp;nun in der Verbandsliga S\u00fcd bzw. Bezirksklasse A von Freiburg gesichert. Der erste Spieltag am 29. September wurde mit Spannung erwartet.<\/p>\n<\/div><\/div>\n\n\n\n<h2>Dritte Mannschaft<\/h2>\n<p>Unser drittes Team trat ausw\u00e4rts gegen die zweite Mannschaft von Schwarze Pumpe Freiburg an. Dominik holte am sechsten Brett z\u00fcgig den ersten Sieg des Tages. Auch Shahriyar konnte schnell einen Brettpunkt f\u00fcr sich verbuchen. Fabian musste sich an Brett eins geschlagen geben, ebenso wie Ibrahim am zweiten Brett. Mannschaftsf\u00fchrer Oliver verlor seine Partie nach einem spannenden Hin und Her. Declan errang in einem hart umk\u00e4mpften Spiel den dritten Sieg f\u00fcr die Mannschaft. Robin k\u00e4mpfte am l\u00e4ngsten und konnte schlie\u00dflich durch eine Mattkombination auf spektakul\u00e4re Weise den ersten Mannschaftssieg der Saison sichern.<\/p>\n<h2>Zweite Mannschaft<\/h2>\n<p>Unsere zweite Mannschaft spielte ebenfalls ausw\u00e4rts gegen Schwarze Pumpe Freiburg und trat gegen deren erste Mannschaft an. Lukas sicherte sich rasch ein Unentschieden. Eddie punktete an Brett acht nach einer starken Stellung, und Ruben gelang es ebenfalls, einen vollen Punkt zu holen, sodass es 2,5 zu 0,5 zu unseren Gunsten stand. Boris musste seine Partie abgeben. Ralf steuerte dem Team einen halben Punkt bei, ebenso wie Uwe, der ebenfalls remisierte. Brunos Triumph brachte uns schlie\u00dflich den entscheidenden Punkt, und nach der Niederlage von Michael Gihr gewannen wir den Spieltag knapp mit 4,5 zu 3,5.<\/p>\n<h2>Erste Mannschaft<\/h2>\n<p>Auch unsere erste Mannschaft hatte ausw\u00e4rts gegen den SC Dreil\u00e4ndereck zu spielen. Leider traten wir nur zu siebt an und lagen von Beginn an zur\u00fcck. Adrian Okeagu musste nach einem harten Kampf seinem Gegner den Punkt \u00fcberlassen, und auch Yunus, Thomas und Karsten erging es nicht besser. Nach einigen Wendungen sicherte Marcos dem Team einen halben Brettpunkt. Mannschaftsf\u00fchrer Nicholas remisierte ebenfalls, w\u00e4hrend Juan seinen Gegner \u00fcberlisten konnte und einen Sieg errang. Am Ende mussten wir uns jedoch mit einer 2:6-Niederlage geschlagen geben und fuhren ohne Erfolg nach Hause.<\/p>","protected":false},"excerpt":{"rendered":"<p>Neue Herausforderungen In der Saison 24\/25 befindet sich unser Schachklub in einer neuen Lage: Durch die starke vorangegangene Saison von unserem Verein konnte sich unsere zweite Mannschaft in der dritten Staffel der Bereichsliga S\u00fcd halten. Unsere erste und dritte Mannschaft wiederum haben sich einen Aufstieg&nbsp;nun in der Verbandsliga S\u00fcd bzw. Bezirksklasse A von Freiburg gesichert. [&hellip;]<\/p>\n","protected":false},"author":14,"featured_media":0,"comment_status":"closed","ping_status":"closed","sticky":false,"template":"","format":"standard","meta":{"footnotes":""},"categories":[2],"tags":[480,479,482,483],"class_list":["post-1788","post","type-post","status-publish","format-standard","hentry","category-news","tag-2-siege-gegen-schwarze-pumpe","tag-saisonstart-am-29-09-2024","tag-start-mit-3-mannschaften","tag-wir-mit-1-und-3-mannschaft-aufsteiger"],"yoast_head":"<!-- This site is optimized with the Yoast SEO plugin v27.5 - https:\/\/yoast.com\/product\/yoast-seo-wordpress\/ -->\n<title>Auftakt der Saison 2024\/25! - Schachklub Wiehre<\/title>\n<meta name=\"description\" content=\"Erfahrt mehr \u00fcber die spannenden Schachpartien unserer drei Mannschaften gegen Schwarze Pumpe Freiburg und SC Dreil\u00e4ndereck. Lest, wie Dominiks Sieg den Erfolg der dritten Mannschaft einleitete, wie unsere zweite Mannschaft knapp den Spieltag gewann und wie sich unsere erste Mannschaft trotz Unterzahl tapfer schlug.\" \/>\n<meta name=\"robots\" content=\"index, follow, max-snippet:-1, max-image-preview:large, max-video-preview:-1\" \/>\n<link rel=\"canonical\" href=\"https:\/\/www.schachklub-wiehre.de\/en\/auftakt-der-saison-2024-25\/\" \/>\n<meta property=\"og:locale\" content=\"en_GB\" \/>\n<meta property=\"og:type\" content=\"article\" \/>\n<meta property=\"og:title\" content=\"Auftakt der Saison 2024\/25! - Schachklub Wiehre\" \/>\n<meta property=\"og:description\" content=\"Erfahrt mehr \u00fcber die spannenden Schachpartien unserer drei Mannschaften gegen Schwarze Pumpe Freiburg und SC Dreil\u00e4ndereck. Lest, wie Dominiks Sieg den Erfolg der dritten Mannschaft einleitete, wie unsere zweite Mannschaft knapp den Spieltag gewann und wie sich unsere erste Mannschaft trotz Unterzahl tapfer schlug.\" \/>\n<meta property=\"og:url\" content=\"https:\/\/www.schachklub-wiehre.de\/en\/auftakt-der-saison-2024-25\/\" \/>\n<meta property=\"og:site_name\" content=\"Schachklub Wiehre\" \/>\n<meta property=\"article:published_time\" content=\"2024-10-04T21:08:52+00:00\" \/>\n<meta property=\"article:modified_time\" content=\"2024-10-21T15:52:06+00:00\" \/>\n<meta property=\"og:image\" content=\"https:\/\/www.schachklub-wiehre.de\/wp-content\/uploads\/20230726_163605.jpg\" \/>\n\t<meta property=\"og:image:width\" content=\"2265\" \/>\n\t<meta property=\"og:image:height\" content=\"2266\" \/>\n\t<meta property=\"og:image:type\" content=\"image\/jpeg\" \/>\n<meta name=\"author\" content=\"Bj\u00f6rn Sattelberger\" \/>\n<meta name=\"twitter:card\" content=\"summary_large_image\" \/>\n<meta name=\"twitter:label1\" content=\"Written by\" \/>\n\t<meta name=\"twitter:data1\" content=\"Bj\u00f6rn Sattelberger\" \/>\n\t<meta name=\"twitter:label2\" content=\"Estimated reading time\" \/>\n\t<meta name=\"twitter:data2\" content=\"2 minutes\" \/>\n<script type=\"application\/ld+json\" class=\"yoast-schema-graph\">{\"@context\":\"https:\\\/\\\/schema.org\",\"@graph\":[{\"@type\":\"Article\",\"@id\":\"https:\\\/\\\/www.schachklub-wiehre.de\\\/auftakt-der-saison-2024-25\\\/#article\",\"isPartOf\":{\"@id\":\"https:\\\/\\\/www.schachklub-wiehre.de\\\/auftakt-der-saison-2024-25\\\/\"},\"author\":{\"name\":\"Bj\u00f6rn Sattelberger\",\"@id\":\"https:\\\/\\\/www.schachklub-wiehre.de\\\/en\\\/#\\\/schema\\\/person\\\/37ad697eb93466d159069fc2cad72667\"},\"headline\":\"Auftakt der Saison 2024\\\/25!\",\"datePublished\":\"2024-10-04T21:08:52+00:00\",\"dateModified\":\"2024-10-21T15:52:06+00:00\",\"mainEntityOfPage\":{\"@id\":\"https:\\\/\\\/www.schachklub-wiehre.de\\\/auftakt-der-saison-2024-25\\\/\"},\"wordCount\":362,\"publisher\":{\"@id\":\"https:\\\/\\\/www.schachklub-wiehre.de\\\/en\\\/#organization\"},\"image\":{\"@id\":\"https:\\\/\\\/www.schachklub-wiehre.de\\\/auftakt-der-saison-2024-25\\\/#primaryimage\"},\"thumbnailUrl\":\"https:\\\/\\\/www.schachklub-wiehre.de\\\/wp-content\\\/uploads\\\/20230726_163605-1024x1024.jpg\",\"keywords\":[\"2 Siege gegen Schwarze Pumpe\",\"Saisonstart am 29.09.2024\",\"start mit 3 Mannschaften\",\"wir mit 1. und 3. Mannschaft Aufsteiger\"],\"articleSection\":[\"News\"],\"inLanguage\":\"en-GB\"},{\"@type\":\"WebPage\",\"@id\":\"https:\\\/\\\/www.schachklub-wiehre.de\\\/auftakt-der-saison-2024-25\\\/\",\"url\":\"https:\\\/\\\/www.schachklub-wiehre.de\\\/auftakt-der-saison-2024-25\\\/\",\"name\":\"Auftakt der Saison 2024\\\/25! - Schachklub Wiehre\",\"isPartOf\":{\"@id\":\"https:\\\/\\\/www.schachklub-wiehre.de\\\/en\\\/#website\"},\"primaryImageOfPage\":{\"@id\":\"https:\\\/\\\/www.schachklub-wiehre.de\\\/auftakt-der-saison-2024-25\\\/#primaryimage\"},\"image\":{\"@id\":\"https:\\\/\\\/www.schachklub-wiehre.de\\\/auftakt-der-saison-2024-25\\\/#primaryimage\"},\"thumbnailUrl\":\"https:\\\/\\\/www.schachklub-wiehre.de\\\/wp-content\\\/uploads\\\/20230726_163605-1024x1024.jpg\",\"datePublished\":\"2024-10-04T21:08:52+00:00\",\"dateModified\":\"2024-10-21T15:52:06+00:00\",\"description\":\"Erfahrt mehr \u00fcber die spannenden Schachpartien unserer drei Mannschaften gegen Schwarze Pumpe Freiburg und SC Dreil\u00e4ndereck. Lest, wie Dominiks Sieg den Erfolg der dritten Mannschaft einleitete, wie unsere zweite Mannschaft knapp den Spieltag gewann und wie sich unsere erste Mannschaft trotz Unterzahl tapfer schlug.\",\"breadcrumb\":{\"@id\":\"https:\\\/\\\/www.schachklub-wiehre.de\\\/auftakt-der-saison-2024-25\\\/#breadcrumb\"},\"inLanguage\":\"en-GB\",\"potentialAction\":[{\"@type\":\"ReadAction\",\"target\":[\"https:\\\/\\\/www.schachklub-wiehre.de\\\/auftakt-der-saison-2024-25\\\/\"]}]},{\"@type\":\"ImageObject\",\"inLanguage\":\"en-GB\",\"@id\":\"https:\\\/\\\/www.schachklub-wiehre.de\\\/auftakt-der-saison-2024-25\\\/#primaryimage\",\"url\":\"https:\\\/\\\/www.schachklub-wiehre.de\\\/wp-content\\\/uploads\\\/20230726_163605-1024x1024.jpg\",\"contentUrl\":\"https:\\\/\\\/www.schachklub-wiehre.de\\\/wp-content\\\/uploads\\\/20230726_163605-1024x1024.jpg\"},{\"@type\":\"BreadcrumbList\",\"@id\":\"https:\\\/\\\/www.schachklub-wiehre.de\\\/auftakt-der-saison-2024-25\\\/#breadcrumb\",\"itemListElement\":[{\"@type\":\"ListItem\",\"position\":1,\"name\":\"Home\",\"item\":\"https:\\\/\\\/www.schachklub-wiehre.de\\\/\"},{\"@type\":\"ListItem\",\"position\":2,\"name\":\"Auftakt der Saison 2024\\\/25!\"}]},{\"@type\":\"WebSite\",\"@id\":\"https:\\\/\\\/www.schachklub-wiehre.de\\\/en\\\/#website\",\"url\":\"https:\\\/\\\/www.schachklub-wiehre.de\\\/en\\\/\",\"name\":\"Schachklub Wiehre 2000 e.V.\",\"description\":\"Schachwissen setzt matt!\",\"publisher\":{\"@id\":\"https:\\\/\\\/www.schachklub-wiehre.de\\\/en\\\/#organization\"},\"potentialAction\":[{\"@type\":\"SearchAction\",\"target\":{\"@type\":\"EntryPoint\",\"urlTemplate\":\"https:\\\/\\\/www.schachklub-wiehre.de\\\/en\\\/?s={search_term_string}\"},\"query-input\":{\"@type\":\"PropertyValueSpecification\",\"valueRequired\":true,\"valueName\":\"search_term_string\"}}],\"inLanguage\":\"en-GB\"},{\"@type\":\"Organization\",\"@id\":\"https:\\\/\\\/www.schachklub-wiehre.de\\\/en\\\/#organization\",\"name\":\"Schachklub Wiehre\",\"url\":\"https:\\\/\\\/www.schachklub-wiehre.de\\\/en\\\/\",\"logo\":{\"@type\":\"ImageObject\",\"inLanguage\":\"en-GB\",\"@id\":\"https:\\\/\\\/www.schachklub-wiehre.de\\\/en\\\/#\\\/schema\\\/logo\\\/image\\\/\",\"url\":\"https:\\\/\\\/www.schachklub-wiehre.de\\\/wp-content\\\/uploads\\\/Wappen-skw-0.jpg\",\"contentUrl\":\"https:\\\/\\\/www.schachklub-wiehre.de\\\/wp-content\\\/uploads\\\/Wappen-skw-0.jpg\",\"width\":109,\"height\":144,\"caption\":\"Schachklub Wiehre\"},\"image\":{\"@id\":\"https:\\\/\\\/www.schachklub-wiehre.de\\\/en\\\/#\\\/schema\\\/logo\\\/image\\\/\"}},{\"@type\":\"Person\",\"@id\":\"https:\\\/\\\/www.schachklub-wiehre.de\\\/en\\\/#\\\/schema\\\/person\\\/37ad697eb93466d159069fc2cad72667\",\"name\":\"Bj\u00f6rn Sattelberger\",\"image\":{\"@type\":\"ImageObject\",\"inLanguage\":\"en-GB\",\"@id\":\"https:\\\/\\\/secure.gravatar.com\\\/avatar\\\/798ffe456ecc802ff9980186c2e4c2c99e0d5b733a5aad1b30ef28f267145943?s=96&d=mm&r=g\",\"url\":\"https:\\\/\\\/secure.gravatar.com\\\/avatar\\\/798ffe456ecc802ff9980186c2e4c2c99e0d5b733a5aad1b30ef28f267145943?s=96&d=mm&r=g\",\"contentUrl\":\"https:\\\/\\\/secure.gravatar.com\\\/avatar\\\/798ffe456ecc802ff9980186c2e4c2c99e0d5b733a5aad1b30ef28f267145943?s=96&d=mm&r=g\",\"caption\":\"Bj\u00f6rn Sattelberger\"},\"url\":\"https:\\\/\\\/www.schachklub-wiehre.de\\\/en\\\/author\\\/sattelberger\\\/\"}]}<\/script>\n<!-- \/ Yoast SEO plugin. -->","yoast_head_json":{"title":"Auftakt der Saison 2024\/25! - Schachklub Wiehre","description":"Erfahrt mehr \u00fcber die spannenden Schachpartien unserer drei Mannschaften gegen Schwarze Pumpe Freiburg und SC Dreil\u00e4ndereck. Lest, wie Dominiks Sieg den Erfolg der dritten Mannschaft einleitete, wie unsere zweite Mannschaft knapp den Spieltag gewann und wie sich unsere erste Mannschaft trotz Unterzahl tapfer schlug.","robots":{"index":"index","follow":"follow","max-snippet":"max-snippet:-1","max-image-preview":"max-image-preview:large","max-video-preview":"max-video-preview:-1"},"canonical":"https:\/\/www.schachklub-wiehre.de\/en\/auftakt-der-saison-2024-25\/","og_locale":"en_GB","og_type":"article","og_title":"Auftakt der Saison 2024\/25! - Schachklub Wiehre","og_description":"Erfahrt mehr \u00fcber die spannenden Schachpartien unserer drei Mannschaften gegen Schwarze Pumpe Freiburg und SC Dreil\u00e4ndereck. Lest, wie Dominiks Sieg den Erfolg der dritten Mannschaft einleitete, wie unsere zweite Mannschaft knapp den Spieltag gewann und wie sich unsere erste Mannschaft trotz Unterzahl tapfer schlug.","og_url":"https:\/\/www.schachklub-wiehre.de\/en\/auftakt-der-saison-2024-25\/","og_site_name":"Schachklub Wiehre","article_published_time":"2024-10-04T21:08:52+00:00","article_modified_time":"2024-10-21T15:52:06+00:00","og_image":[{"width":2265,"height":2266,"url":"https:\/\/www.schachklub-wiehre.de\/wp-content\/uploads\/20230726_163605.jpg","type":"image\/jpeg"}],"author":"Bj\u00f6rn Sattelberger","twitter_card":"summary_large_image","twitter_misc":{"Written by":"Bj\u00f6rn Sattelberger","Estimated reading time":"2 minutes"},"schema":{"@context":"https:\/\/schema.org","@graph":[{"@type":"Article","@id":"https:\/\/www.schachklub-wiehre.de\/auftakt-der-saison-2024-25\/#article","isPartOf":{"@id":"https:\/\/www.schachklub-wiehre.de\/auftakt-der-saison-2024-25\/"},"author":{"name":"Bj\u00f6rn Sattelberger","@id":"https:\/\/www.schachklub-wiehre.de\/en\/#\/schema\/person\/37ad697eb93466d159069fc2cad72667"},"headline":"Auftakt der Saison 2024\/25!","datePublished":"2024-10-04T21:08:52+00:00","dateModified":"2024-10-21T15:52:06+00:00","mainEntityOfPage":{"@id":"https:\/\/www.schachklub-wiehre.de\/auftakt-der-saison-2024-25\/"},"wordCount":362,"publisher":{"@id":"https:\/\/www.schachklub-wiehre.de\/en\/#organization"},"image":{"@id":"https:\/\/www.schachklub-wiehre.de\/auftakt-der-saison-2024-25\/#primaryimage"},"thumbnailUrl":"https:\/\/www.schachklub-wiehre.de\/wp-content\/uploads\/20230726_163605-1024x1024.jpg","keywords":["2 Siege gegen Schwarze Pumpe","Saisonstart am 29.09.2024","start mit 3 Mannschaften","wir mit 1. und 3. Mannschaft Aufsteiger"],"articleSection":["News"],"inLanguage":"en-GB"},{"@type":"WebPage","@id":"https:\/\/www.schachklub-wiehre.de\/auftakt-der-saison-2024-25\/","url":"https:\/\/www.schachklub-wiehre.de\/auftakt-der-saison-2024-25\/","name":"Auftakt der Saison 2024\/25! - Schachklub Wiehre","isPartOf":{"@id":"https:\/\/www.schachklub-wiehre.de\/en\/#website"},"primaryImageOfPage":{"@id":"https:\/\/www.schachklub-wiehre.de\/auftakt-der-saison-2024-25\/#primaryimage"},"image":{"@id":"https:\/\/www.schachklub-wiehre.de\/auftakt-der-saison-2024-25\/#primaryimage"},"thumbnailUrl":"https:\/\/www.schachklub-wiehre.de\/wp-content\/uploads\/20230726_163605-1024x1024.jpg","datePublished":"2024-10-04T21:08:52+00:00","dateModified":"2024-10-21T15:52:06+00:00","description":"Erfahrt mehr \u00fcber die spannenden Schachpartien unserer drei Mannschaften gegen Schwarze Pumpe Freiburg und SC Dreil\u00e4ndereck. Lest, wie Dominiks Sieg den Erfolg der dritten Mannschaft einleitete, wie unsere zweite Mannschaft knapp den Spieltag gewann und wie sich unsere erste Mannschaft trotz Unterzahl tapfer schlug.","breadcrumb":{"@id":"https:\/\/www.schachklub-wiehre.de\/auftakt-der-saison-2024-25\/#breadcrumb"},"inLanguage":"en-GB","potentialAction":[{"@type":"ReadAction","target":["https:\/\/www.schachklub-wiehre.de\/auftakt-der-saison-2024-25\/"]}]},{"@type":"ImageObject","inLanguage":"en-GB","@id":"https:\/\/www.schachklub-wiehre.de\/auftakt-der-saison-2024-25\/#primaryimage","url":"https:\/\/www.schachklub-wiehre.de\/wp-content\/uploads\/20230726_163605-1024x1024.jpg","contentUrl":"https:\/\/www.schachklub-wiehre.de\/wp-content\/uploads\/20230726_163605-1024x1024.jpg"},{"@type":"BreadcrumbList","@id":"https:\/\/www.schachklub-wiehre.de\/auftakt-der-saison-2024-25\/#breadcrumb","itemListElement":[{"@type":"ListItem","position":1,"name":"Home","item":"https:\/\/www.schachklub-wiehre.de\/"},{"@type":"ListItem","position":2,"name":"Auftakt der Saison 2024\/25!"}]},{"@type":"WebSite","@id":"https:\/\/www.schachklub-wiehre.de\/en\/#website","url":"https:\/\/www.schachklub-wiehre.de\/en\/","name":"Schachklub Wiehre 2000 e.V.","description":"Schachwissen setzt matt!","publisher":{"@id":"https:\/\/www.schachklub-wiehre.de\/en\/#organization"},"potentialAction":[{"@type":"SearchAction","target":{"@type":"EntryPoint","urlTemplate":"https:\/\/www.schachklub-wiehre.de\/en\/?s={search_term_string}"},"query-input":{"@type":"PropertyValueSpecification","valueRequired":true,"valueName":"search_term_string"}}],"inLanguage":"en-GB"},{"@type":"Organization","@id":"https:\/\/www.schachklub-wiehre.de\/en\/#organization","name":"Schachklub Wiehre","url":"https:\/\/www.schachklub-wiehre.de\/en\/","logo":{"@type":"ImageObject","inLanguage":"en-GB","@id":"https:\/\/www.schachklub-wiehre.de\/en\/#\/schema\/logo\/image\/","url":"https:\/\/www.schachklub-wiehre.de\/wp-content\/uploads\/Wappen-skw-0.jpg","contentUrl":"https:\/\/www.schachklub-wiehre.de\/wp-content\/uploads\/Wappen-skw-0.jpg","width":109,"height":144,"caption":"Schachklub Wiehre"},"image":{"@id":"https:\/\/www.schachklub-wiehre.de\/en\/#\/schema\/logo\/image\/"}},{"@type":"Person","@id":"https:\/\/www.schachklub-wiehre.de\/en\/#\/schema\/person\/37ad697eb93466d159069fc2cad72667","name":"Bj\u00f6rn Sattelberger","image":{"@type":"ImageObject","inLanguage":"en-GB","@id":"https:\/\/secure.gravatar.com\/avatar\/798ffe456ecc802ff9980186c2e4c2c99e0d5b733a5aad1b30ef28f267145943?s=96&d=mm&r=g","url":"https:\/\/secure.gravatar.com\/avatar\/798ffe456ecc802ff9980186c2e4c2c99e0d5b733a5aad1b30ef28f267145943?s=96&d=mm&r=g","contentUrl":"https:\/\/secure.gravatar.com\/avatar\/798ffe456ecc802ff9980186c2e4c2c99e0d5b733a5aad1b30ef28f267145943?s=96&d=mm&r=g","caption":"Bj\u00f6rn Sattelberger"},"url":"https:\/\/www.schachklub-wiehre.de\/en\/author\/sattelberger\/"}]}},"_links":{"self":[{"href":"https:\/\/www.schachklub-wiehre.de\/en\/wp-json\/wp\/v2\/posts\/1788","targetHints":{"allow":["GET"]}}],"collection":[{"href":"https:\/\/www.schachklub-wiehre.de\/en\/wp-json\/wp\/v2\/posts"}],"about":[{"href":"https:\/\/www.schachklub-wiehre.de\/en\/wp-json\/wp\/v2\/types\/post"}],"author":[{"embeddable":true,"href":"https:\/\/www.schachklub-wiehre.de\/en\/wp-json\/wp\/v2\/users\/14"}],"replies":[{"embeddable":true,"href":"https:\/\/www.schachklub-wiehre.de\/en\/wp-json\/wp\/v2\/comments?post=1788"}],"version-history":[{"count":0,"href":"https:\/\/www.schachklub-wiehre.de\/en\/wp-json\/wp\/v2\/posts\/1788\/revisions"}],"wp:attachment":[{"href":"https:\/\/www.schachklub-wiehre.de\/en\/wp-json\/wp\/v2\/media?parent=1788"}],"wp:term":[{"taxonomy":"category","embeddable":true,"href":"https:\/\/www.schachklub-wiehre.de\/en\/wp-json\/wp\/v2\/categories?post=1788"},{"taxonomy":"post_tag","embeddable":true,"href":"https:\/\/www.schachklub-wiehre.de\/en\/wp-json\/wp\/v2\/tags?post=1788"}],"curies":[{"name":"wp","href":"https:\/\/api.w.org\/{rel}","templated":true}]}}